{"id":417,"date":"2024-05-15T18:36:37","date_gmt":"2024-05-15T16:36:37","guid":{"rendered":"https:\/\/underbee.com.es\/?p=417"},"modified":"2024-05-21T19:46:03","modified_gmt":"2024-05-21T17:46:03","slug":"el-ajo-negro-espanol-superfood-en-el-escenario-culinario","status":"publish","type":"post","link":"https:\/\/big-garlic.com\/es\/el-ajo-negro-espanol-superfood-en-el-escenario-culinario\/","title":{"rendered":"El ajo negro espa\u00f1ol: Superfood en el escenario culinario"},"content":{"rendered":"\t\t<div data-elementor-type=\"wp-post\" data-elementor-id=\"417\" class=\"elementor elementor-417\" data-elementor-post-type=\"post\">\n\t\t\t\t<div class=\"elementor-element elementor-element-44a934c e-flex e-con-boxed e-con e-parent\" data-id=\"44a934c\" data-element_type=\"container\" data-e-type=\"container\">\n\t\t\t\t\t<div class=\"e-con-inner\">\n\t\t\t\t<div class=\"elementor-element elementor-element-013c238 elementor-widget elementor-widget-text-editor\" data-id=\"013c238\" data-element_type=\"widget\" data-e-type=\"widget\" data-widget_type=\"text-editor.default\">\n\t\t\t\t<div class=\"elementor-widget-container\">\n\t\t\t\t\t\t\t\t\t<p>El ajo negro espa\u00f1ol ha emergido como una estrella en el mundo gastron\u00f3mico internacional. Su sabor distintivo y sus presuntos beneficios para la salud han capturado la atenci\u00f3n de chefs, nutricionistas y amantes de la buena comida.\u00a0<\/p>\t\t\t\t\t\t\t\t<\/div>\n\t\t\t\t<\/div>\n\t\t\t\t<div class=\"elementor-element elementor-element-f3dc9d2 elementor-widget elementor-widget-text-editor\" data-id=\"f3dc9d2\" data-element_type=\"widget\" data-e-type=\"widget\" data-widget_type=\"text-editor.default\">\n\t\t\t\t<div class=\"elementor-widget-container\">\n\t\t\t\t\t\t\t\t\t<p>Originario de la regi\u00f3n de Las Pedro\u00f1eras en Espa\u00f1a, este producto gourmet se est\u00e1 consolidando como una joya culinaria que no solo a\u00f1ade profundidad a los platos, sino que tambi\u00e9n ofrece propiedabudes beneficiosas para la salud. En este art\u00edculo, exploraremos a fondo el proceso de producci\u00f3n, los beneficios, la versatilidad en la cocina y las oportunidades de exportaci\u00f3n del ajo negro espa\u00f1ol.<\/p><h2>El proceso de producci\u00f3n del ajo negro<\/h2><h3>\u00bfQu\u00e9 es el ajo negro?<\/h3><p>El ajo negro es el resultado de un proceso de fermentaci\u00f3n controlada del ajo fresco. Este proceso transforma completamente las caracter\u00edsticas del ajo, convirtiendo los bulbos blancos y crujientes en un manjar suave, dulce y oscuro.<\/p><h3>El origen del ajo negro en Espa\u00f1a<\/h3><p>Aunque el ajo negro tiene sus ra\u00edces en Asia, Espa\u00f1a ha adoptado y perfeccionado este producto, especialmente en la regi\u00f3n de Las Pedro\u00f1eras, conocida como la capital del ajo. Los productores espa\u00f1oles han desarrollado t\u00e9cnicas espec\u00edficas que garantizan la calidad y el sabor \u00fanico del ajo negro.<\/p><h3>Proceso de fermentaci\u00f3n<\/h3><p>La producci\u00f3n del ajo negro implica fermentar los bulbos de ajo fresco a temperaturas controladas y con alta humedad durante varias semanas. Este proceso no solo oscurece el ajo, sino que tambi\u00e9n transforma sus componentes qu\u00edmicos. La fermentaci\u00f3n a temperaturas entre 60 y 90 grados Celsius y una humedad constante alrededor del 80-90% son esenciales para alcanzar el sabor y la textura deseados.<\/p><h3>Transformaci\u00f3n qu\u00edmica<\/h3><p>Durante la fermentaci\u00f3n, los az\u00facares y amino\u00e1cidos del ajo fresco se convierten en melanoidinas, compuestos responsables del color negro y el sabor dulce del ajo negro. Adem\u00e1s, la alicina, responsable del fuerte sabor y olor del ajo crudo, se transforma en compuestos antioxidantes m\u00e1s suaves.<\/p><h2>Beneficios para la salud del ajo negro<\/h2><h3>Propiedades antioxidantes<\/h3><p>El ajo negro se ha ganado una reputaci\u00f3n por sus poderosas propiedades antioxidantes. Los estudios sugieren que el proceso de fermentaci\u00f3n aumenta significativamente el contenido de antioxidantes, que ayudan a combatir el da\u00f1o celular y el envejecimiento prematuro .<\/p><h3>Propiedades antiinflamatorias<\/h3><p>Otra ventaja notable del ajo negro es su capacidad antiinflamatoria. Los compuestos bioactivos presentes en el ajo negro pueden reducir la inflamaci\u00f3n en el cuerpo, ayudando a prevenir enfermedades cr\u00f3nicas como la artritis y enfermedades card\u00edacas .<\/p><h3>Beneficios cardiovasculares<\/h3><p>El consumo regular de ajo negro puede ofrecer beneficios cardiovasculares significativos. Estudios han demostrado que puede ayudar a reducir los niveles de colesterol LDL (el \u00abmalo\u00bb \ud83d\ude08) y aumentar los niveles de colesterol HDL (el \u00abbueno\u00bb \ud83d\ude07 ), mejorando as\u00ed la salud del coraz\u00f3n .<\/p><h3>Otros beneficios para la salud<\/h3><p>El ajo negro tambi\u00e9n ha sido asociado con la mejora del sistema inmunol\u00f3gico, la regulaci\u00f3n de los niveles de az\u00facar en sangre y la protecci\u00f3n contra ciertas formas de c\u00e1ncer. Aunque se necesita m\u00e1s investigaci\u00f3n para confirmar estos beneficios, el ajo negro sigue siendo un componente prometedor en la nutrici\u00f3n moderna.<\/p><h2>El ajo negro en la cocina<\/h2><h3>Versatilidad culinaria<\/h3><p>Una de las razones por las que el ajo negro ha ganado popularidad es su versatilidad en la cocina. Su sabor dulce y umami lo hace ideal para una amplia gama de platos.<\/p><h3>Aplicaciones gastron\u00f3micas<\/h3><h4>Platos salados<\/h4><p>El ajo negro se puede usar en salsas, adobos, y marinadas para carnes y pescados. Tambi\u00e9n es un excelente complemento para sopas y guisos, a\u00f1adiendo profundidad y complejidad al sabor.<\/p><h4>Platos dulces<\/h4><p>Sorprendentemente, el ajo negro tambi\u00e9n se puede utilizar en postres. Su sabor dulce y bals\u00e1mico combina bien con chocolate y frutas, creando combinaciones innovadoras y deliciosas.<\/p><h4>Alta cocina<\/h4><p>Chefs de renombre mundial est\u00e1n incorporando el ajo negro en sus men\u00fas para ofrecer a sus comensales experiencias gastron\u00f3micas \u00fanicas. Desde Michelin hasta bistr\u00f3s locales, el ajo negro est\u00e1 redefiniendo la alta cocina.<\/p><h3>Cook&#8217;in Big<\/h3><p>Para aquellos apasionados de la cocina y el ajo, Cook&#8217;in Big es el destino perfecto. En\u00a0<a style=\"background-color: #ffffff;\" href=\"http:\/\/www.cookinbig.es\/\"><span style=\"font-weight: bold;\">www.cookinbig.es<\/span><\/a>, encontrar\u00e1s una amplia variedad de recetas innovadoras y deliciosas que destacan el ajo en todas sus formas, especialmente el ajo negro. Nuestro sitio web se dedica a inspirar y guiar a cocineros de todos los niveles, desde principiantes hasta expertos, en la creaci\u00f3n de platos \u00fanicos que realzan el sabor y los beneficios del ajo.<\/p><h4>Recetas exclusivas con ajo negro<\/h4><p>En Cook&#8217;in Big, ofrecemos una colecci\u00f3n exclusiva de recetas que utilizan ajo negro para transformar tus comidas en experiencias gourmet. Desde salsas y adobos hasta postres sorprendentes, nuestras recetas est\u00e1n dise\u00f1adas para explorar la versatilidad de este ingrediente tan especial.<\/p><h4>Consejos y trucos de cocina<\/h4><p>Adem\u00e1s de recetas, en <a href=\"http:\/\/www.cookinbig.es\"><b>www.cookinbig.es<\/b><\/a> compartimos consejos y trucos para aprovechar al m\u00e1ximo el ajo en tu cocina. Aprende sobre t\u00e9cnicas de fermentaci\u00f3n, combinaciones de sabores y m\u00e9todos de cocci\u00f3n que resaltan las mejores cualidades del ajo.<\/p><h4>Comunidad de amantes del ajo<\/h4><p>\u00danete a nuestra comunidad de amantes del ajo donde puedes compartir tus propias creaciones, intercambiar ideas y aprender de otros entusiastas de la cocina. En Cook&#8217;in Big, creemos en la celebraci\u00f3n del ajo como un ingrediente esencial y vers\u00e1til que puede elevar cualquier plato.<\/p><p><span style=\"color: var( --e-global-color-text ); font-family: var( --e-global-typography-text-font-family ), Sans-serif; font-size: var( --e-global-typography-text-font-size ); font-weight: var( --e-global-typography-text-font-weight ); text-align: var(--text-align);\">Vis\u00edtanos en\u00a0<\/span><a style=\"background-color: #ffffff;\" href=\"http:\/\/www.cookinbig.es\/\"><span style=\"font-weight: bold;\">www.cookinbig.es<\/span><\/a><span style=\"color: var( --e-global-color-text ); font-family: var( --e-global-typography-text-font-family ), Sans-serif; font-size: var( --e-global-typography-text-font-size ); font-weight: var( --e-global-typography-text-font-weight ); text-align: var(--text-align);\">\u00a0y descubre un mundo de posibilidades culinarias con ajo. Tu pr\u00f3xima aventura gastron\u00f3mica te espera.<\/span><\/p><h2>Oportunidades de exportaci\u00f3n<\/h2><h3>Demanda internacional<\/h3><p>Con la creciente popularidad del ajo negro, la demanda internacional est\u00e1 en auge. Pa\u00edses como Estados Unidos, Canad\u00e1, y varios pa\u00edses europeos han mostrado un inter\u00e9s creciente en este producto gourmet.<\/p><h3>Estrategias de exportaci\u00f3n<\/h3><p>Los productores espa\u00f1oles est\u00e1n aprovechando esta demanda mediante la implementaci\u00f3n de estrategias de exportaci\u00f3n diversificadas. Las ferias internacionales y la participaci\u00f3n en eventos gastron\u00f3micos globales han sido cruciales para promover el ajo negro espa\u00f1ol.<\/p><h3>Retos y oportunidades<\/h3><p>A pesar de las oportunidades, los productores de ajo negro enfrentan desaf\u00edos log\u00edsticos y competitivos. Los costos de transporte y la competencia de otros pa\u00edses productores son obst\u00e1culos que deben superarse. Sin embargo, la alta calidad y el sabor distintivo del ajo negro espa\u00f1ol contin\u00faan siendo sus principales ventajas competitivas.<\/p>\t\t\t\t\t\t\t\t<\/div>\n\t\t\t\t<\/div>\n\t\t\t\t<div class=\"elementor-element elementor-element-8f738f7 elementor-blockquote--skin-boxed elementor-blockquote--button-view-icon-text elementor-blockquote--button-skin-classic elementor-widget elementor-widget-blockquote\" data-id=\"8f738f7\" data-element_type=\"widget\" data-e-type=\"widget\" data-widget_type=\"blockquote.default\">\n\t\t\t\t<div class=\"elementor-widget-container\">\n\t\t\t\t\t\t\t<blockquote class=\"elementor-blockquote\">\n\t\t\t<p class=\"elementor-blockquote__content\">\n\t\t\t\tEl ajo negro espa\u00f1ol est\u00e1 conquistando el paladar de los amantes de la buena comida en todo el mundo gracias a su sabor \u00fanico y sus posibles beneficios para la salud.\t\t\t<\/p>\n\t\t\t\t\t\t\t<div class=\"e-q-footer\">\n\t\t\t\t\t\t\t\t\t\t\t<cite class=\"elementor-blockquote__author\">Big Garlic<\/cite>\n\t\t\t\t\t\t\t\t\t\t\t\t\t\t\t\t<a href=\"https:\/\/twitter.com\/intent\/tweet?text=El+ajo+negro+espa%C3%B1ol+est%C3%A1+conquistando+el+paladar+de+los+amantes+de+la+buena+comida+en+todo+el+mundo+gracias+a+su+sabor+%C3%BAnico+y+sus+posibles+beneficios+para+la+salud.+%E2%80%94+Big+Garlic&amp;url=https%3A%2F%2Fx.com%2FBig_Garlic&amp;via=Big_Garlic\" class=\"elementor-blockquote__tweet-button\" target=\"_blank\">\n\t\t\t\t\t\t\t\t\t\t\t\t\t\t\t<svg aria-hidden=\"true\" class=\"e-font-icon-svg e-fab-twitter\" viewBox=\"0 0 512 512\" xmlns=\"http:\/\/www.w3.org\/2000\/svg\"><path d=\"M459.37 151.716c.325 4.548.325 9.097.325 13.645 0 138.72-105.583 298.558-298.558 298.558-59.452 0-114.68-17.219-161.137-47.106 8.447.974 16.568 1.299 25.34 1.299 49.055 0 94.213-16.568 130.274-44.832-46.132-.975-84.792-31.188-98.112-72.772 6.498.974 12.995 1.624 19.818 1.624 9.421 0 18.843-1.3 27.614-3.573-48.081-9.747-84.143-51.98-84.143-102.985v-1.299c13.969 7.797 30.214 12.67 47.431 13.319-28.264-18.843-46.781-51.005-46.781-87.391 0-19.492 5.197-37.36 14.294-52.954 51.655 63.675 129.3 105.258 216.365 109.807-1.624-7.797-2.599-15.918-2.599-24.04 0-57.828 46.782-104.934 104.934-104.934 30.213 0 57.502 12.67 76.67 33.137 23.715-4.548 46.456-13.32 66.599-25.34-7.798 24.366-24.366 44.833-46.132 57.827 21.117-2.273 41.584-8.122 60.426-16.243-14.292 20.791-32.161 39.308-52.628 54.253z\"><\/path><\/svg>\t\t\t\t\t\t\t\t\t\t\t\t\t\t\t\t\t\t\t\t\t\t\t\t\t\t\t\t\t\t<span class=\"elementor-blockquote__tweet-label\">Tuitea<\/span>\n\t\t\t\t\t\t\t\t\t\t\t\t\t<\/a>\n\t\t\t\t\t\t\t\t\t<\/div>\n\t\t\t\t\t<\/blockquote>\n\t\t\t\t\t\t<\/div>\n\t\t\t\t<\/div>\n\t\t\t\t<div class=\"elementor-element elementor-element-b5d3bc4 elementor-widget elementor-widget-text-editor\" data-id=\"b5d3bc4\" data-element_type=\"widget\" data-e-type=\"widget\" data-widget_type=\"text-editor.default\">\n\t\t\t\t<div class=\"elementor-widget-container\">\n\t\t\t\t\t\t\t\t\t<p>Su creciente popularidad est\u00e1 abriendo nuevas oportunidades para los productores espa\u00f1oles, consolidando su posici\u00f3n en el mercado internacional. Con un futuro prometedor, el ajo negro espa\u00f1ol est\u00e1 destinado a seguir siendo una estrella en el panorama culinario global.<\/p>\t\t\t\t\t\t\t\t<\/div>\n\t\t\t\t<\/div>\n\t\t\t\t\t<\/div>\n\t\t\t\t<\/div>\n\t\t\t\t<\/div>\n\t\t","protected":false},"excerpt":{"rendered":"<p>El ajo negro espa\u00f1ol ha emergido como una estrella en el mundo gastron\u00f3mico internacional. Su sabor distintivo y sus presuntos beneficios para la salud han capturado la atenci\u00f3n de chefs, nutricionistas y amantes de la buena comida.\u00a0 Originario de la regi\u00f3n de Las Pedro\u00f1eras en Espa\u00f1a, este producto gourmet se est\u00e1 consolidando como una joya [&hellip;]<\/p>\n","protected":false},"author":1,"featured_media":418,"comment_status":"open","ping_status":"open","sticky":false,"template":"","format":"standard","meta":{"_acf_changed":false,"footnotes":""},"categories":[1],"tags":[],"class_list":["post-417","post","type-post","status-publish","format-standard","has-post-thumbnail","hentry","category-uncategorized"],"acf":[],"yoast_head":"<!-- This site is optimized with the Yoast SEO plugin v28.4 - https:\/\/yoast.com\/product\/yoast-seo-wordpress\/ -->\n<title>El ajo negro espa\u00f1ol: Superfood en el escenario culinario | Big Garlic<\/title>\n<meta name=\"robots\" content=\"index, follow, max-snippet:-1, max-image-preview:large, max-video-preview:-1\" \/>\n<link rel=\"canonical\" href=\"https:\/\/big-garlic.com\/es\/el-ajo-negro-espanol-superfood-en-el-escenario-culinario\/\" \/>\n<meta property=\"og:locale\" content=\"es_ES\" \/>\n<meta property=\"og:type\" content=\"article\" \/>\n<meta property=\"og:title\" content=\"El ajo negro espa\u00f1ol: Superfood en el escenario culinario | Big Garlic\" \/>\n<meta property=\"og:description\" content=\"El ajo negro espa\u00f1ol ha emergido como una estrella en el mundo gastron\u00f3mico internacional. Su sabor distintivo y sus presuntos beneficios para la salud han capturado la atenci\u00f3n de chefs, nutricionistas y amantes de la buena comida.\u00a0 Originario de la regi\u00f3n de Las Pedro\u00f1eras en Espa\u00f1a, este producto gourmet se est\u00e1 consolidando como una joya [&hellip;]\" \/>\n<meta property=\"og:url\" content=\"https:\/\/big-garlic.com\/es\/el-ajo-negro-espanol-superfood-en-el-escenario-culinario\/\" \/>\n<meta property=\"og:site_name\" content=\"Big Garlic\" \/>\n<meta property=\"article:published_time\" content=\"2024-05-15T16:36:37+00:00\" \/>\n<meta property=\"article:modified_time\" content=\"2024-05-21T17:46:03+00:00\" \/>\n<meta property=\"og:image\" content=\"https:\/\/big-garlic.com\/wp-content\/uploads\/2024\/05\/ajo-negro.jpg\" \/>\n\t<meta property=\"og:image:width\" content=\"600\" \/>\n\t<meta property=\"og:image:height\" content=\"329\" \/>\n\t<meta property=\"og:image:type\" content=\"image\/jpeg\" \/>\n<meta name=\"author\" content=\"admin\" \/>\n<meta name=\"twitter:card\" content=\"summary_large_image\" \/>\n<meta name=\"twitter:label1\" content=\"Escrito por\" \/>\n\t<meta name=\"twitter:data1\" content=\"admin\" \/>\n\t<meta name=\"twitter:label2\" content=\"Tiempo de lectura\" \/>\n\t<meta name=\"twitter:data2\" content=\"6 minutos\" \/>\n<script type=\"application\/ld+json\" class=\"yoast-schema-graph\">{\"@context\":\"https:\\\/\\\/schema.org\",\"@graph\":[{\"@type\":\"Article\",\"@id\":\"https:\\\/\\\/big-garlic.com\\\/el-ajo-negro-espanol-superfood-en-el-escenario-culinario\\\/#article\",\"isPartOf\":{\"@id\":\"https:\\\/\\\/big-garlic.com\\\/el-ajo-negro-espanol-superfood-en-el-escenario-culinario\\\/\"},\"author\":{\"name\":\"admin\",\"@id\":\"https:\\\/\\\/big-garlic.com\\\/#\\\/schema\\\/person\\\/7da99edc4c7d0efb60a482d3203bcbc7\"},\"headline\":\"El ajo negro espa\u00f1ol: Superfood en el escenario culinario\",\"datePublished\":\"2024-05-15T16:36:37+00:00\",\"dateModified\":\"2024-05-21T17:46:03+00:00\",\"mainEntityOfPage\":{\"@id\":\"https:\\\/\\\/big-garlic.com\\\/el-ajo-negro-espanol-superfood-en-el-escenario-culinario\\\/\"},\"wordCount\":1178,\"commentCount\":0,\"publisher\":{\"@id\":\"https:\\\/\\\/big-garlic.com\\\/#organization\"},\"image\":{\"@id\":\"https:\\\/\\\/big-garlic.com\\\/el-ajo-negro-espanol-superfood-en-el-escenario-culinario\\\/#primaryimage\"},\"thumbnailUrl\":\"https:\\\/\\\/big-garlic.com\\\/wp-content\\\/uploads\\\/2024\\\/05\\\/ajo-negro.jpg\",\"articleSection\":[\"Uncategorized\"],\"inLanguage\":\"es\",\"potentialAction\":[{\"@type\":\"CommentAction\",\"name\":\"Comment\",\"target\":[\"https:\\\/\\\/big-garlic.com\\\/el-ajo-negro-espanol-superfood-en-el-escenario-culinario\\\/#respond\"]}]},{\"@type\":\"WebPage\",\"@id\":\"https:\\\/\\\/big-garlic.com\\\/el-ajo-negro-espanol-superfood-en-el-escenario-culinario\\\/\",\"url\":\"https:\\\/\\\/big-garlic.com\\\/el-ajo-negro-espanol-superfood-en-el-escenario-culinario\\\/\",\"name\":\"El ajo negro espa\u00f1ol: Superfood en el escenario culinario | Big Garlic\",\"isPartOf\":{\"@id\":\"https:\\\/\\\/big-garlic.com\\\/#website\"},\"primaryImageOfPage\":{\"@id\":\"https:\\\/\\\/big-garlic.com\\\/el-ajo-negro-espanol-superfood-en-el-escenario-culinario\\\/#primaryimage\"},\"image\":{\"@id\":\"https:\\\/\\\/big-garlic.com\\\/el-ajo-negro-espanol-superfood-en-el-escenario-culinario\\\/#primaryimage\"},\"thumbnailUrl\":\"https:\\\/\\\/big-garlic.com\\\/wp-content\\\/uploads\\\/2024\\\/05\\\/ajo-negro.jpg\",\"datePublished\":\"2024-05-15T16:36:37+00:00\",\"dateModified\":\"2024-05-21T17:46:03+00:00\",\"breadcrumb\":{\"@id\":\"https:\\\/\\\/big-garlic.com\\\/el-ajo-negro-espanol-superfood-en-el-escenario-culinario\\\/#breadcrumb\"},\"inLanguage\":\"es\",\"potentialAction\":[{\"@type\":\"ReadAction\",\"target\":[\"https:\\\/\\\/big-garlic.com\\\/el-ajo-negro-espanol-superfood-en-el-escenario-culinario\\\/\"]}]},{\"@type\":\"ImageObject\",\"inLanguage\":\"es\",\"@id\":\"https:\\\/\\\/big-garlic.com\\\/el-ajo-negro-espanol-superfood-en-el-escenario-culinario\\\/#primaryimage\",\"url\":\"https:\\\/\\\/big-garlic.com\\\/wp-content\\\/uploads\\\/2024\\\/05\\\/ajo-negro.jpg\",\"contentUrl\":\"https:\\\/\\\/big-garlic.com\\\/wp-content\\\/uploads\\\/2024\\\/05\\\/ajo-negro.jpg\",\"width\":600,\"height\":329,\"caption\":\"Ajo negro\"},{\"@type\":\"BreadcrumbList\",\"@id\":\"https:\\\/\\\/big-garlic.com\\\/el-ajo-negro-espanol-superfood-en-el-escenario-culinario\\\/#breadcrumb\",\"itemListElement\":[{\"@type\":\"ListItem\",\"position\":1,\"name\":\"INICIO\",\"item\":\"https:\\\/\\\/big-garlic.com\\\/\"},{\"@type\":\"ListItem\",\"position\":2,\"name\":\"El ajo negro espa\u00f1ol: Superfood en el escenario culinario\"}]},{\"@type\":\"WebSite\",\"@id\":\"https:\\\/\\\/big-garlic.com\\\/#website\",\"url\":\"https:\\\/\\\/big-garlic.com\\\/\",\"name\":\"Big Garlic\",\"description\":\"\",\"publisher\":{\"@id\":\"https:\\\/\\\/big-garlic.com\\\/#organization\"},\"potentialAction\":[{\"@type\":\"SearchAction\",\"target\":{\"@type\":\"EntryPoint\",\"urlTemplate\":\"https:\\\/\\\/big-garlic.com\\\/?s={search_term_string}\"},\"query-input\":{\"@type\":\"PropertyValueSpecification\",\"valueRequired\":true,\"valueName\":\"search_term_string\"}}],\"inLanguage\":\"es\"},{\"@type\":\"Organization\",\"@id\":\"https:\\\/\\\/big-garlic.com\\\/#organization\",\"name\":\"Big Garlic\",\"url\":\"https:\\\/\\\/big-garlic.com\\\/\",\"logo\":{\"@type\":\"ImageObject\",\"inLanguage\":\"es\",\"@id\":\"https:\\\/\\\/big-garlic.com\\\/#\\\/schema\\\/logo\\\/image\\\/\",\"url\":\"https:\\\/\\\/big-garlic.com\\\/wp-content\\\/uploads\\\/2024\\\/05\\\/logo.png\",\"contentUrl\":\"https:\\\/\\\/big-garlic.com\\\/wp-content\\\/uploads\\\/2024\\\/05\\\/logo.png\",\"width\":441,\"height\":226,\"caption\":\"Big Garlic\"},\"image\":{\"@id\":\"https:\\\/\\\/big-garlic.com\\\/#\\\/schema\\\/logo\\\/image\\\/\"}},{\"@type\":\"Person\",\"@id\":\"https:\\\/\\\/big-garlic.com\\\/#\\\/schema\\\/person\\\/7da99edc4c7d0efb60a482d3203bcbc7\",\"name\":\"admin\",\"image\":{\"@type\":\"ImageObject\",\"inLanguage\":\"es\",\"@id\":\"https:\\\/\\\/secure.gravatar.com\\\/avatar\\\/33dc528ed5e14f2c04544d1ca5c5ce773d55902231fa1d4cb594e88b4ee00d8f?s=96&d=mm&r=g\",\"url\":\"https:\\\/\\\/secure.gravatar.com\\\/avatar\\\/33dc528ed5e14f2c04544d1ca5c5ce773d55902231fa1d4cb594e88b4ee00d8f?s=96&d=mm&r=g\",\"contentUrl\":\"https:\\\/\\\/secure.gravatar.com\\\/avatar\\\/33dc528ed5e14f2c04544d1ca5c5ce773d55902231fa1d4cb594e88b4ee00d8f?s=96&d=mm&r=g\",\"caption\":\"admin\"},\"sameAs\":[\"https:\\\/\\\/big-garlic.com\"],\"url\":\"https:\\\/\\\/big-garlic.com\\\/es\\\/author\\\/big-garlic\\\/\"}]}<\/script>\n<!-- \/ Yoast SEO plugin. -->","yoast_head_json":{"title":"El ajo negro espa\u00f1ol: Superfood en el escenario culinario | Big Garlic","robots":{"index":"index","follow":"follow","max-snippet":"max-snippet:-1","max-image-preview":"max-image-preview:large","max-video-preview":"max-video-preview:-1"},"canonical":"https:\/\/big-garlic.com\/es\/el-ajo-negro-espanol-superfood-en-el-escenario-culinario\/","og_locale":"es_ES","og_type":"article","og_title":"El ajo negro espa\u00f1ol: Superfood en el escenario culinario | Big Garlic","og_description":"El ajo negro espa\u00f1ol ha emergido como una estrella en el mundo gastron\u00f3mico internacional. Su sabor distintivo y sus presuntos beneficios para la salud han capturado la atenci\u00f3n de chefs, nutricionistas y amantes de la buena comida.\u00a0 Originario de la regi\u00f3n de Las Pedro\u00f1eras en Espa\u00f1a, este producto gourmet se est\u00e1 consolidando como una joya [&hellip;]","og_url":"https:\/\/big-garlic.com\/es\/el-ajo-negro-espanol-superfood-en-el-escenario-culinario\/","og_site_name":"Big Garlic","article_published_time":"2024-05-15T16:36:37+00:00","article_modified_time":"2024-05-21T17:46:03+00:00","og_image":[{"width":600,"height":329,"url":"https:\/\/big-garlic.com\/wp-content\/uploads\/2024\/05\/ajo-negro.jpg","type":"image\/jpeg"}],"author":"admin","twitter_card":"summary_large_image","twitter_misc":{"Escrito por":"admin","Tiempo de lectura":"6 minutos"},"schema":{"@context":"https:\/\/schema.org","@graph":[{"@type":"Article","@id":"https:\/\/big-garlic.com\/el-ajo-negro-espanol-superfood-en-el-escenario-culinario\/#article","isPartOf":{"@id":"https:\/\/big-garlic.com\/el-ajo-negro-espanol-superfood-en-el-escenario-culinario\/"},"author":{"name":"admin","@id":"https:\/\/big-garlic.com\/#\/schema\/person\/7da99edc4c7d0efb60a482d3203bcbc7"},"headline":"El ajo negro espa\u00f1ol: Superfood en el escenario culinario","datePublished":"2024-05-15T16:36:37+00:00","dateModified":"2024-05-21T17:46:03+00:00","mainEntityOfPage":{"@id":"https:\/\/big-garlic.com\/el-ajo-negro-espanol-superfood-en-el-escenario-culinario\/"},"wordCount":1178,"commentCount":0,"publisher":{"@id":"https:\/\/big-garlic.com\/#organization"},"image":{"@id":"https:\/\/big-garlic.com\/el-ajo-negro-espanol-superfood-en-el-escenario-culinario\/#primaryimage"},"thumbnailUrl":"https:\/\/big-garlic.com\/wp-content\/uploads\/2024\/05\/ajo-negro.jpg","articleSection":["Uncategorized"],"inLanguage":"es","potentialAction":[{"@type":"CommentAction","name":"Comment","target":["https:\/\/big-garlic.com\/el-ajo-negro-espanol-superfood-en-el-escenario-culinario\/#respond"]}]},{"@type":"WebPage","@id":"https:\/\/big-garlic.com\/el-ajo-negro-espanol-superfood-en-el-escenario-culinario\/","url":"https:\/\/big-garlic.com\/el-ajo-negro-espanol-superfood-en-el-escenario-culinario\/","name":"El ajo negro espa\u00f1ol: Superfood en el escenario culinario | Big Garlic","isPartOf":{"@id":"https:\/\/big-garlic.com\/#website"},"primaryImageOfPage":{"@id":"https:\/\/big-garlic.com\/el-ajo-negro-espanol-superfood-en-el-escenario-culinario\/#primaryimage"},"image":{"@id":"https:\/\/big-garlic.com\/el-ajo-negro-espanol-superfood-en-el-escenario-culinario\/#primaryimage"},"thumbnailUrl":"https:\/\/big-garlic.com\/wp-content\/uploads\/2024\/05\/ajo-negro.jpg","datePublished":"2024-05-15T16:36:37+00:00","dateModified":"2024-05-21T17:46:03+00:00","breadcrumb":{"@id":"https:\/\/big-garlic.com\/el-ajo-negro-espanol-superfood-en-el-escenario-culinario\/#breadcrumb"},"inLanguage":"es","potentialAction":[{"@type":"ReadAction","target":["https:\/\/big-garlic.com\/el-ajo-negro-espanol-superfood-en-el-escenario-culinario\/"]}]},{"@type":"ImageObject","inLanguage":"es","@id":"https:\/\/big-garlic.com\/el-ajo-negro-espanol-superfood-en-el-escenario-culinario\/#primaryimage","url":"https:\/\/big-garlic.com\/wp-content\/uploads\/2024\/05\/ajo-negro.jpg","contentUrl":"https:\/\/big-garlic.com\/wp-content\/uploads\/2024\/05\/ajo-negro.jpg","width":600,"height":329,"caption":"Ajo negro"},{"@type":"BreadcrumbList","@id":"https:\/\/big-garlic.com\/el-ajo-negro-espanol-superfood-en-el-escenario-culinario\/#breadcrumb","itemListElement":[{"@type":"ListItem","position":1,"name":"INICIO","item":"https:\/\/big-garlic.com\/"},{"@type":"ListItem","position":2,"name":"El ajo negro espa\u00f1ol: Superfood en el escenario culinario"}]},{"@type":"WebSite","@id":"https:\/\/big-garlic.com\/#website","url":"https:\/\/big-garlic.com\/","name":"Big Garlic","description":"","publisher":{"@id":"https:\/\/big-garlic.com\/#organization"},"potentialAction":[{"@type":"SearchAction","target":{"@type":"EntryPoint","urlTemplate":"https:\/\/big-garlic.com\/?s={search_term_string}"},"query-input":{"@type":"PropertyValueSpecification","valueRequired":true,"valueName":"search_term_string"}}],"inLanguage":"es"},{"@type":"Organization","@id":"https:\/\/big-garlic.com\/#organization","name":"Big Garlic","url":"https:\/\/big-garlic.com\/","logo":{"@type":"ImageObject","inLanguage":"es","@id":"https:\/\/big-garlic.com\/#\/schema\/logo\/image\/","url":"https:\/\/big-garlic.com\/wp-content\/uploads\/2024\/05\/logo.png","contentUrl":"https:\/\/big-garlic.com\/wp-content\/uploads\/2024\/05\/logo.png","width":441,"height":226,"caption":"Big Garlic"},"image":{"@id":"https:\/\/big-garlic.com\/#\/schema\/logo\/image\/"}},{"@type":"Person","@id":"https:\/\/big-garlic.com\/#\/schema\/person\/7da99edc4c7d0efb60a482d3203bcbc7","name":"admin","image":{"@type":"ImageObject","inLanguage":"es","@id":"https:\/\/secure.gravatar.com\/avatar\/33dc528ed5e14f2c04544d1ca5c5ce773d55902231fa1d4cb594e88b4ee00d8f?s=96&d=mm&r=g","url":"https:\/\/secure.gravatar.com\/avatar\/33dc528ed5e14f2c04544d1ca5c5ce773d55902231fa1d4cb594e88b4ee00d8f?s=96&d=mm&r=g","contentUrl":"https:\/\/secure.gravatar.com\/avatar\/33dc528ed5e14f2c04544d1ca5c5ce773d55902231fa1d4cb594e88b4ee00d8f?s=96&d=mm&r=g","caption":"admin"},"sameAs":["https:\/\/big-garlic.com"],"url":"https:\/\/big-garlic.com\/es\/author\/big-garlic\/"}]}},"_links":{"self":[{"href":"https:\/\/big-garlic.com\/es\/wp-json\/wp\/v2\/posts\/417","targetHints":{"allow":["GET"]}}],"collection":[{"href":"https:\/\/big-garlic.com\/es\/wp-json\/wp\/v2\/posts"}],"about":[{"href":"https:\/\/big-garlic.com\/es\/wp-json\/wp\/v2\/types\/post"}],"author":[{"embeddable":true,"href":"https:\/\/big-garlic.com\/es\/wp-json\/wp\/v2\/users\/1"}],"replies":[{"embeddable":true,"href":"https:\/\/big-garlic.com\/es\/wp-json\/wp\/v2\/comments?post=417"}],"version-history":[{"count":28,"href":"https:\/\/big-garlic.com\/es\/wp-json\/wp\/v2\/posts\/417\/revisions"}],"predecessor-version":[{"id":1037,"href":"https:\/\/big-garlic.com\/es\/wp-json\/wp\/v2\/posts\/417\/revisions\/1037"}],"wp:featuredmedia":[{"embeddable":true,"href":"https:\/\/big-garlic.com\/es\/wp-json\/wp\/v2\/media\/418"}],"wp:attachment":[{"href":"https:\/\/big-garlic.com\/es\/wp-json\/wp\/v2\/media?parent=417"}],"wp:term":[{"taxonomy":"category","embeddable":true,"href":"https:\/\/big-garlic.com\/es\/wp-json\/wp\/v2\/categories?post=417"},{"taxonomy":"post_tag","embeddable":true,"href":"https:\/\/big-garlic.com\/es\/wp-json\/wp\/v2\/tags?post=417"}],"curies":[{"name":"wp","href":"https:\/\/api.w.org\/{rel}","templated":true}]}}